{"id":313,"date":"2022-01-23T16:09:19","date_gmt":"2022-01-23T19:09:19","guid":{"rendered":"https:\/\/cronicasdonaotempo.com.br\/?p=313"},"modified":"2023-12-18T18:00:46","modified_gmt":"2023-12-18T21:00:46","slug":"franca","status":"publish","type":"post","link":"https:\/\/cronicasdonaotempo.com.br\/en\/franca\/","title":{"rendered":"France"},"content":{"rendered":"\n<p class=\"wp-block-paragraph\"><strong>Contexto:<\/strong> Reinado do Rei Luiz XV. Frequentou a corte de Versalhes em diversos momentos, aproximando-se do rei por volta de 1757 e trabalhou em miss\u00f5es diplom\u00e1ticas a servi\u00e7o daquele pa\u00eds. <\/p>\n\n\n\n<p class=\"wp-block-paragraph\"><strong>1743:<\/strong> Presenteou Madame de Pompaudour com uma bomboniere de esmalte preto, com tampa de \u00e1gata (quando em contato com o fogo, a cor do artefato mudava e revelava uma pintura com um motif de pastores). <\/p>\n\n\n\n<p class=\"wp-block-paragraph\"><strong>1743:<\/strong> A Condessa de Adhemar conhece o Conde de Saint Germain nas cortes de Versalhes. Nas cortes era conhecido por seus mais diversos prod\u00edgios, entre os quais contam os seguintes: escrevia com maestria de pr\u00f3prio punho; distribu\u00eda perfumes que ele pr\u00f3prio fabricava; era ex\u00edmio pintor; e as tintas que fabricava tinham cores v\u00edvidas, sendo seu processo de fabrica\u00e7\u00e3o um segredo; reparava joias, e dizia-se que podia criar at\u00e9 mesmo diamantes; dominava com destreza diversos instrumentos, sendo virtuoso nos mesmos; criava tinturas \u00fanicas tamb\u00e9m para tecidos. <\/p>\n\n\n\n<p class=\"wp-block-paragraph\"><strong>1757:<\/strong> O rei Luiz XV cedeu-lhe uma habita\u00e7\u00e3o no castelo de Chambourd, onde o Conde montou seu laborat\u00f3rio e reuniu-se com outros nobres curiosos para estudar f\u00edsica, qu\u00edmica e alquimia. Entre aqueles nobres encontravam-se o Bar\u00e3o de Gleychen, Marques de Urfe e a Princesa de Anhalt-Zerbst, m\u00e3e de Catarina II. <\/p>\n\n\n\n<p class=\"wp-block-paragraph\"><strong>1757:<\/strong> Quando Madame de Gersy lhe reencontrou, pensou ser ele o filho do Conde de Saint Germain que havia conhecido em 1710, em Veneza. Ele n\u00e3o havia envelhecido nem um ano sequer, e deveria ter uns 100 anos, segundo relata um di\u00e1logo entre a Madame e o Conde, citado pela publica\u00e7\u00e3o Touchard Lafosse, em Croniques de L\u2019oeil de Breauf: \u201cA Condessa de Gersy ficou estupefata. Segundo suas pr\u00f3prias palavras, lembrava de ter conhecido em Veneza, l\u00e1 pelo ano de 1710, a um aristocrata estrangeiro, cuja semelhan\u00e7a com o Conde de Saint Germain era assombrosa, apesar de ter outro nome. Ela lhe perguntou se n\u00e3o seria seu pai ou outro familiar pr\u00f3ximo.\u201d<\/p>\n\n\n\n<p class=\"wp-block-paragraph\">(\u2026) \u201cN\u00e3o Madame\u201d, respondeu o conde com grande calma, \u201cperdi meu pai h\u00e1 muito tempo. Por\u00e9m vivi em Veneza entre o final do s\u00e9culo passado e o princ\u00edpio deste. Por certo tive a honra de fazer a corte, e voc\u00ea pode encontrar algumas can\u00e7\u00f5es populares compostas por mim e que ambos costum\u00e1vamos cantar juntos.\u201d<\/p>\n\n\n\n<p class=\"wp-block-paragraph\">(\u2026) \u201cPerdoe minha franqueza, mas isso n\u00e3o \u00e9 poss\u00edvel. Aquele Conde de Saint Germain tinha ent\u00e3o quarenta e cinco anos, e voc\u00ea tem essa idade agora.\u201d<\/p>\n\n\n\n<p class=\"wp-block-paragraph\">(\u2026) \u201cMadame\u201d, respondeu o conde sorrindo, \u201ceu sou muito velho.\u201d<\/p>\n\n\n\n<p class=\"wp-block-paragraph\">(\u2026) \u201cMas de acordo com esse c\u00e1lculo voc\u00ea tem agora cem anos. Isso n\u00e3o \u00e9 poss\u00edvel.\u201d<\/p>\n\n\n\n<p class=\"wp-block-paragraph\">Ent\u00e3o o conde enumerou para a Condessa uma infinidade de detalhes relacionados \u00e0 estadia de ambos em Veneza. E se ela tivesse alguma d\u00favida, ela se ofereceu para lembrar-lhe certas circunst\u00e2ncias, observa\u00e7\u00f5es, etc. <\/p>\n\n\n\n<p class=\"wp-block-paragraph\">(\u2026) \u201cN\u00e3o, n\u00e3o!\u201d, interrompeu apressadamente a embaixadora anci\u00e3, \u201cvoc\u00ea j\u00e1 me convenceu completamente; mas voc\u00ea \u00e9 um diabo realmente extraordin\u00e1rio.\u201d*<\/p>\n\n\n\n<p class=\"wp-block-paragraph\">[*Fonte: \u201cConde de Saint Germain\u201d, Isabel Cooper Oakley.]<\/p>\n\n\n\n<p class=\"wp-block-paragraph\"><strong>1798:<\/strong> Encontra a Condessa de Adhemar; alerta sobre o Primeiro Ministro Maurepas; faz previs\u00f5es sobre a queda dos Bourbons e sobre a Grande Revolu\u00e7\u00e3o (sobre os eventos de 1799 em diante). <\/p>\n\n\n\n<p class=\"wp-block-paragraph\"><strong>1804:<\/strong> A Condessa de Adhemar reencontra o Conde de Saint Germain<\/p>\n\n\n\n<p class=\"wp-block-paragraph\"><strong>1813:<\/strong> Novo encontro entre o Conde de Saint Germain e a Condessa de Adhemar, \u00e0s v\u00e9spera do assassinato do Duque de Berry. <\/p>\n\n\n\n<p class=\"wp-block-paragraph\"><strong>1820:<\/strong> \u00daltimo encontro entre o Conde de Saint Germain e a Condessa de Adhemar.<\/p>\n","protected":false},"excerpt":{"rendered":"<p>Contexto: Reinado do Rei Luiz XV. Frequentou a corte de Versalhes em diversos momentos, aproximando-se do rei por [&hellip;]<\/p>\n","protected":false},"author":2,"featured_media":0,"comment_status":"closed","ping_status":"open","sticky":false,"template":"","format":"standard","meta":{"footnotes":""},"categories":[9],"tags":[],"class_list":["post-313","post","type-post","status-publish","format-standard","hentry","category-conteudo"],"yoast_head":"<!-- This site is optimized with the Yoast SEO plugin v28.4 - https:\/\/yoast.com\/product\/yoast-seo-wordpress\/ -->\n<title>Fran\u00e7a - Cr\u00f4nicas do N\u00e3o Tempo<\/title>\n<meta name=\"robots\" content=\"noindex, nofollow\" \/>\n<meta property=\"og:locale\" content=\"en_US\" \/>\n<meta property=\"og:type\" content=\"article\" \/>\n<meta property=\"og:title\" content=\"Fran\u00e7a - Cr\u00f4nicas do N\u00e3o Tempo\" \/>\n<meta property=\"og:description\" content=\"Contexto: Reinado do Rei Luiz XV. Frequentou a corte de Versalhes em diversos momentos, aproximando-se do rei por [&hellip;]\" \/>\n<meta property=\"og:url\" content=\"https:\/\/cronicasdonaotempo.com.br\/en\/franca\/\" \/>\n<meta property=\"og:site_name\" content=\"Cr\u00f4nicas do N\u00e3o Tempo\" \/>\n<meta property=\"article:published_time\" content=\"2022-01-23T19:09:19+00:00\" \/>\n<meta property=\"article:modified_time\" content=\"2023-12-18T21:00:46+00:00\" \/>\n<meta name=\"author\" content=\"Igor L. Frey\" \/>\n<meta name=\"twitter:card\" content=\"summary_large_image\" \/>\n<meta name=\"twitter:label1\" content=\"Written by\" \/>\n\t<meta name=\"twitter:data1\" content=\"Igor L. Frey\" \/>\n\t<meta name=\"twitter:label2\" content=\"Est. reading time\" \/>\n\t<meta name=\"twitter:data2\" content=\"4 minutes\" \/>\n<script type=\"application\/ld+json\" class=\"yoast-schema-graph\">{\"@context\":\"https:\\\/\\\/schema.org\",\"@graph\":[{\"@type\":\"Article\",\"@id\":\"https:\\\/\\\/cronicasdonaotempo.com.br\\\/en\\\/franca\\\/#article\",\"isPartOf\":{\"@id\":\"https:\\\/\\\/cronicasdonaotempo.com.br\\\/en\\\/franca\\\/\"},\"author\":{\"name\":\"Igor L. Frey\",\"@id\":\"https:\\\/\\\/cronicasdonaotempo.com.br\\\/en\\\/#\\\/schema\\\/person\\\/b4d6f201f1be98443ace27c807252583\"},\"headline\":\"Fran\u00e7a\",\"datePublished\":\"2022-01-23T19:09:19+00:00\",\"dateModified\":\"2023-12-18T21:00:46+00:00\",\"mainEntityOfPage\":{\"@id\":\"https:\\\/\\\/cronicasdonaotempo.com.br\\\/en\\\/franca\\\/\"},\"wordCount\":584,\"publisher\":{\"@id\":\"https:\\\/\\\/cronicasdonaotempo.com.br\\\/en\\\/#\\\/schema\\\/person\\\/b4d6f201f1be98443ace27c807252583\"},\"articleSection\":[\"Conte\u00fado\"],\"inLanguage\":\"en-US\"},{\"@type\":\"WebPage\",\"@id\":\"https:\\\/\\\/cronicasdonaotempo.com.br\\\/en\\\/franca\\\/\",\"url\":\"https:\\\/\\\/cronicasdonaotempo.com.br\\\/en\\\/franca\\\/\",\"name\":\"Fran\u00e7a - Cr\u00f4nicas do N\u00e3o Tempo\",\"isPartOf\":{\"@id\":\"https:\\\/\\\/cronicasdonaotempo.com.br\\\/en\\\/#website\"},\"datePublished\":\"2022-01-23T19:09:19+00:00\",\"dateModified\":\"2023-12-18T21:00:46+00:00\",\"breadcrumb\":{\"@id\":\"https:\\\/\\\/cronicasdonaotempo.com.br\\\/en\\\/franca\\\/#breadcrumb\"},\"inLanguage\":\"en-US\",\"potentialAction\":[{\"@type\":\"ReadAction\",\"target\":[\"https:\\\/\\\/cronicasdonaotempo.com.br\\\/en\\\/franca\\\/\"]}]},{\"@type\":\"BreadcrumbList\",\"@id\":\"https:\\\/\\\/cronicasdonaotempo.com.br\\\/en\\\/franca\\\/#breadcrumb\",\"itemListElement\":[{\"@type\":\"ListItem\",\"position\":1,\"name\":\"In\u00edcio\",\"item\":\"https:\\\/\\\/cronicasdonaotempo.com.br\\\/\"},{\"@type\":\"ListItem\",\"position\":2,\"name\":\"Fran\u00e7a\"}]},{\"@type\":\"WebSite\",\"@id\":\"https:\\\/\\\/cronicasdonaotempo.com.br\\\/en\\\/#website\",\"url\":\"https:\\\/\\\/cronicasdonaotempo.com.br\\\/en\\\/\",\"name\":\"Cr\u00f4nicas do N\u00e3o Tempo\",\"description\":\"A Guarda de Cronos\",\"publisher\":{\"@id\":\"https:\\\/\\\/cronicasdonaotempo.com.br\\\/en\\\/#\\\/schema\\\/person\\\/b4d6f201f1be98443ace27c807252583\"},\"potentialAction\":[{\"@type\":\"SearchAction\",\"target\":{\"@type\":\"EntryPoint\",\"urlTemplate\":\"https:\\\/\\\/cronicasdonaotempo.com.br\\\/en\\\/?s={search_term_string}\"},\"query-input\":{\"@type\":\"PropertyValueSpecification\",\"valueRequired\":true,\"valueName\":\"search_term_string\"}}],\"inLanguage\":\"en-US\"},{\"@type\":[\"Person\",\"Organization\"],\"@id\":\"https:\\\/\\\/cronicasdonaotempo.com.br\\\/en\\\/#\\\/schema\\\/person\\\/b4d6f201f1be98443ace27c807252583\",\"name\":\"Igor L. Frey\",\"image\":{\"@type\":\"ImageObject\",\"inLanguage\":\"en-US\",\"@id\":\"https:\\\/\\\/cronicasdonaotempo.com.br\\\/wp-content\\\/uploads\\\/2022\\\/01\\\/autor.jpg\",\"url\":\"https:\\\/\\\/cronicasdonaotempo.com.br\\\/wp-content\\\/uploads\\\/2022\\\/01\\\/autor.jpg\",\"contentUrl\":\"https:\\\/\\\/cronicasdonaotempo.com.br\\\/wp-content\\\/uploads\\\/2022\\\/01\\\/autor.jpg\",\"width\":966,\"height\":852,\"caption\":\"Igor L. Frey\"},\"logo\":{\"@id\":\"https:\\\/\\\/cronicasdonaotempo.com.br\\\/wp-content\\\/uploads\\\/2022\\\/01\\\/autor.jpg\"},\"url\":\"https:\\\/\\\/cronicasdonaotempo.com.br\\\/en\\\/author\\\/lucifrei\\\/\"}]}<\/script>\n<!-- \/ Yoast SEO plugin. -->","yoast_head_json":{"title":"Fran\u00e7a - Cr\u00f4nicas do N\u00e3o Tempo","robots":{"index":"noindex","follow":"nofollow"},"og_locale":"en_US","og_type":"article","og_title":"Fran\u00e7a - Cr\u00f4nicas do N\u00e3o Tempo","og_description":"Contexto: Reinado do Rei Luiz XV. Frequentou a corte de Versalhes em diversos momentos, aproximando-se do rei por [&hellip;]","og_url":"https:\/\/cronicasdonaotempo.com.br\/en\/franca\/","og_site_name":"Cr\u00f4nicas do N\u00e3o Tempo","article_published_time":"2022-01-23T19:09:19+00:00","article_modified_time":"2023-12-18T21:00:46+00:00","author":"Igor L. Frey","twitter_card":"summary_large_image","twitter_misc":{"Written by":"Igor L. Frey","Est. reading time":"4 minutes"},"schema":{"@context":"https:\/\/schema.org","@graph":[{"@type":"Article","@id":"https:\/\/cronicasdonaotempo.com.br\/en\/franca\/#article","isPartOf":{"@id":"https:\/\/cronicasdonaotempo.com.br\/en\/franca\/"},"author":{"name":"Igor L. Frey","@id":"https:\/\/cronicasdonaotempo.com.br\/en\/#\/schema\/person\/b4d6f201f1be98443ace27c807252583"},"headline":"Fran\u00e7a","datePublished":"2022-01-23T19:09:19+00:00","dateModified":"2023-12-18T21:00:46+00:00","mainEntityOfPage":{"@id":"https:\/\/cronicasdonaotempo.com.br\/en\/franca\/"},"wordCount":584,"publisher":{"@id":"https:\/\/cronicasdonaotempo.com.br\/en\/#\/schema\/person\/b4d6f201f1be98443ace27c807252583"},"articleSection":["Conte\u00fado"],"inLanguage":"en-US"},{"@type":"WebPage","@id":"https:\/\/cronicasdonaotempo.com.br\/en\/franca\/","url":"https:\/\/cronicasdonaotempo.com.br\/en\/franca\/","name":"Fran\u00e7a - Cr\u00f4nicas do N\u00e3o Tempo","isPartOf":{"@id":"https:\/\/cronicasdonaotempo.com.br\/en\/#website"},"datePublished":"2022-01-23T19:09:19+00:00","dateModified":"2023-12-18T21:00:46+00:00","breadcrumb":{"@id":"https:\/\/cronicasdonaotempo.com.br\/en\/franca\/#breadcrumb"},"inLanguage":"en-US","potentialAction":[{"@type":"ReadAction","target":["https:\/\/cronicasdonaotempo.com.br\/en\/franca\/"]}]},{"@type":"BreadcrumbList","@id":"https:\/\/cronicasdonaotempo.com.br\/en\/franca\/#breadcrumb","itemListElement":[{"@type":"ListItem","position":1,"name":"In\u00edcio","item":"https:\/\/cronicasdonaotempo.com.br\/"},{"@type":"ListItem","position":2,"name":"Fran\u00e7a"}]},{"@type":"WebSite","@id":"https:\/\/cronicasdonaotempo.com.br\/en\/#website","url":"https:\/\/cronicasdonaotempo.com.br\/en\/","name":"Cr\u00f4nicas do N\u00e3o Tempo","description":"A Guarda de Cronos","publisher":{"@id":"https:\/\/cronicasdonaotempo.com.br\/en\/#\/schema\/person\/b4d6f201f1be98443ace27c807252583"},"potentialAction":[{"@type":"SearchAction","target":{"@type":"EntryPoint","urlTemplate":"https:\/\/cronicasdonaotempo.com.br\/en\/?s={search_term_string}"},"query-input":{"@type":"PropertyValueSpecification","valueRequired":true,"valueName":"search_term_string"}}],"inLanguage":"en-US"},{"@type":["Person","Organization"],"@id":"https:\/\/cronicasdonaotempo.com.br\/en\/#\/schema\/person\/b4d6f201f1be98443ace27c807252583","name":"Igor L. Frey","image":{"@type":"ImageObject","inLanguage":"en-US","@id":"https:\/\/cronicasdonaotempo.com.br\/wp-content\/uploads\/2022\/01\/autor.jpg","url":"https:\/\/cronicasdonaotempo.com.br\/wp-content\/uploads\/2022\/01\/autor.jpg","contentUrl":"https:\/\/cronicasdonaotempo.com.br\/wp-content\/uploads\/2022\/01\/autor.jpg","width":966,"height":852,"caption":"Igor L. Frey"},"logo":{"@id":"https:\/\/cronicasdonaotempo.com.br\/wp-content\/uploads\/2022\/01\/autor.jpg"},"url":"https:\/\/cronicasdonaotempo.com.br\/en\/author\/lucifrei\/"}]}},"_links":{"self":[{"href":"https:\/\/cronicasdonaotempo.com.br\/en\/wp-json\/wp\/v2\/posts\/313","targetHints":{"allow":["GET"]}}],"collection":[{"href":"https:\/\/cronicasdonaotempo.com.br\/en\/wp-json\/wp\/v2\/posts"}],"about":[{"href":"https:\/\/cronicasdonaotempo.com.br\/en\/wp-json\/wp\/v2\/types\/post"}],"author":[{"embeddable":true,"href":"https:\/\/cronicasdonaotempo.com.br\/en\/wp-json\/wp\/v2\/users\/2"}],"replies":[{"embeddable":true,"href":"https:\/\/cronicasdonaotempo.com.br\/en\/wp-json\/wp\/v2\/comments?post=313"}],"version-history":[{"count":3,"href":"https:\/\/cronicasdonaotempo.com.br\/en\/wp-json\/wp\/v2\/posts\/313\/revisions"}],"predecessor-version":[{"id":326,"href":"https:\/\/cronicasdonaotempo.com.br\/en\/wp-json\/wp\/v2\/posts\/313\/revisions\/326"}],"wp:attachment":[{"href":"https:\/\/cronicasdonaotempo.com.br\/en\/wp-json\/wp\/v2\/media?parent=313"}],"wp:term":[{"taxonomy":"category","embeddable":true,"href":"https:\/\/cronicasdonaotempo.com.br\/en\/wp-json\/wp\/v2\/categories?post=313"},{"taxonomy":"post_tag","embeddable":true,"href":"https:\/\/cronicasdonaotempo.com.br\/en\/wp-json\/wp\/v2\/tags?post=313"}],"curies":[{"name":"wp","href":"https:\/\/api.w.org\/{rel}","templated":true}]}}