{"id":192,"date":"2022-01-08T17:23:16","date_gmt":"2022-01-08T20:23:16","guid":{"rendered":"https:\/\/cronicasdonaotempo.com.br\/?p=192"},"modified":"2022-02-06T15:02:06","modified_gmt":"2022-02-06T18:02:06","slug":"madame-de-pompadour","status":"publish","type":"post","link":"https:\/\/cronicasdonaotempo.com.br\/en\/madame-de-pompadour\/","title":{"rendered":"Madame de Pompadour"},"content":{"rendered":"\n<div class=\"wp-block-image\"><figure class=\"aligncenter size-full\"><img loading=\"lazy\" decoding=\"async\" width=\"1024\" height=\"678\" src=\"https:\/\/cronicasdonaotempo.com.br\/wp-content\/uploads\/2022\/02\/Madame_de_Pompadour.jpg\" alt=\"Uma pintura da Madame de Pompadour\" class=\"wp-image-318\" srcset=\"https:\/\/cronicasdonaotempo.com.br\/wp-content\/uploads\/2022\/02\/Madame_de_Pompadour.jpg 1024w, https:\/\/cronicasdonaotempo.com.br\/wp-content\/uploads\/2022\/02\/Madame_de_Pompadour-453x300.jpg 453w, https:\/\/cronicasdonaotempo.com.br\/wp-content\/uploads\/2022\/02\/Madame_de_Pompadour-768x509.jpg 768w, https:\/\/cronicasdonaotempo.com.br\/wp-content\/uploads\/2022\/02\/Madame_de_Pompadour-328x217.jpg 328w\" sizes=\"auto, (max-width: 1024px) 100vw, 1024px\" \/><figcaption><a href=\"https:\/\/commons.wikimedia.org\/wiki\/File:Fran%C3%A7ois_Boucher_Madame_de_Pompadour_Munich_26102016_5.jpg\">Vassil<\/a>, CC0, via Wikimedia Commons<\/figcaption><\/figure><\/div>\n\n\n\n<p class=\"wp-block-paragraph\">Foi cortes\u00e3 do rei Luiz XV e teve grande abertura e poder de atua\u00e7\u00e3o na corte de Versalhes. Concedia audi\u00eancias a embaixadores e estava ligada a concess\u00f5es de favores, exercendo amplo poder de decis\u00e3o. [Mais informa\u00e7\u00f5es: ex.: Wikipedia etc.]<\/p>\n\n\n\n<p class=\"wp-block-paragraph\">Madame de Pompadour escreve: <\/p>\n\n\n\n<p class=\"wp-block-paragraph\">&#8220;Ele enriqueceu o gabinete do rei com seus quadros de Velasquez e Murillo, e presenteou ao Marqu\u00eas as mais inestim\u00e1veis e belas pedras preciosas. Pois esse homem singular passava por fabulosamente rico e distribu\u00eda diamantes e joias com liberalidade espantosa.&#8221;<\/p>\n\n\n\n<p class=\"wp-block-paragraph\">(\u2026) &#8220;Um conhecimento profundo de todas as l\u00ednguas, antigas e modernas; uma mem\u00f3ria prodigiosa; erudi\u00e7\u00e3o, da qual podia-se captar vislumbres entre os caprichos de sua conversa, que sempre era divertida e, ocasionalmente, muito envolvente; uma habilidade inesgot\u00e1vel em variar o tom e os assuntos de sua conversa; ser sempre renovado e infundir o inesperado nos discursos mais triviais faziam dele um interlocutor excelente. \u00c0s vezes, ele contava anedotas da corte de Valois ou de pr\u00edncipes ainda mais remotos, com tal precis\u00e3o em cada detalhe que quase criava a ilus\u00e3o de que ele fora testemunha ocular daquilo que narrava. Havia viajado pelo mundo todo e o rei ouvia interessado as narrativas de suas viagens pela \u00c1sia e \u00c1frica, e suas hist\u00f3rias sobre as cortes da R\u00fassia, Turquia e \u00c1ustria. Ele parecia ter um conhecimento mais \u00edntimo dos segredos de cada corte do que o pr\u00f3prio charge d&#8217;allaires do rei.&#8221;<\/p>\n\n\n\n<p class=\"wp-block-paragraph\"><em><strong>(Isabel Cooper Okley : \u201cO conde de Saint Germain\u201d).<\/strong><\/em><\/p>\n","protected":false},"excerpt":{"rendered":"<p>Foi cortes\u00e3 do rei Luiz XV e teve grande abertura e poder de atua\u00e7\u00e3o na corte de Versalhes. [&hellip;]<\/p>\n","protected":false},"author":2,"featured_media":0,"comment_status":"open","ping_status":"open","sticky":false,"template":"","format":"standard","meta":{"footnotes":""},"categories":[9],"tags":[],"class_list":["post-192","post","type-post","status-publish","format-standard","hentry","category-conteudo"],"yoast_head":"<!-- This site is optimized with the Yoast SEO plugin v28.4 - https:\/\/yoast.com\/product\/yoast-seo-wordpress\/ -->\n<title>Madame de Pompadour - Cr\u00f4nicas do N\u00e3o Tempo<\/title>\n<meta name=\"robots\" content=\"index, follow, max-snippet:-1, max-image-preview:large, max-video-preview:-1\" \/>\n<link rel=\"canonical\" href=\"https:\/\/cronicasdonaotempo.com.br\/en\/madame-de-pompadour\/\" \/>\n<meta property=\"og:locale\" content=\"en_US\" \/>\n<meta property=\"og:type\" content=\"article\" \/>\n<meta property=\"og:title\" content=\"Madame de Pompadour - Cr\u00f4nicas do N\u00e3o Tempo\" \/>\n<meta property=\"og:description\" content=\"Foi cortes\u00e3 do rei Luiz XV e teve grande abertura e poder de atua\u00e7\u00e3o na corte de Versalhes. [&hellip;]\" \/>\n<meta property=\"og:url\" content=\"https:\/\/cronicasdonaotempo.com.br\/en\/madame-de-pompadour\/\" \/>\n<meta property=\"og:site_name\" content=\"Cr\u00f4nicas do N\u00e3o Tempo\" \/>\n<meta property=\"article:published_time\" content=\"2022-01-08T20:23:16+00:00\" \/>\n<meta property=\"article:modified_time\" content=\"2022-02-06T18:02:06+00:00\" \/>\n<meta property=\"og:image\" content=\"https:\/\/cronicasdonaotempo.com.br\/wp-content\/uploads\/2022\/02\/Madame_de_Pompadour.jpg\" \/>\n<meta name=\"author\" content=\"Igor L. Frey\" \/>\n<meta name=\"twitter:card\" content=\"summary_large_image\" \/>\n<meta name=\"twitter:label1\" content=\"Written by\" \/>\n\t<meta name=\"twitter:data1\" content=\"Igor L. Frey\" \/>\n\t<meta name=\"twitter:label2\" content=\"Est. reading time\" \/>\n\t<meta name=\"twitter:data2\" content=\"2 minutes\" \/>\n<script type=\"application\/ld+json\" class=\"yoast-schema-graph\">{\"@context\":\"https:\\\/\\\/schema.org\",\"@graph\":[{\"@type\":\"Article\",\"@id\":\"https:\\\/\\\/cronicasdonaotempo.com.br\\\/en\\\/madame-de-pompadour\\\/#article\",\"isPartOf\":{\"@id\":\"https:\\\/\\\/cronicasdonaotempo.com.br\\\/en\\\/madame-de-pompadour\\\/\"},\"author\":{\"name\":\"Igor L. Frey\",\"@id\":\"https:\\\/\\\/cronicasdonaotempo.com.br\\\/en\\\/#\\\/schema\\\/person\\\/b4d6f201f1be98443ace27c807252583\"},\"headline\":\"Madame de Pompadour\",\"datePublished\":\"2022-01-08T20:23:16+00:00\",\"dateModified\":\"2022-02-06T18:02:06+00:00\",\"mainEntityOfPage\":{\"@id\":\"https:\\\/\\\/cronicasdonaotempo.com.br\\\/en\\\/madame-de-pompadour\\\/\"},\"wordCount\":265,\"commentCount\":0,\"publisher\":{\"@id\":\"https:\\\/\\\/cronicasdonaotempo.com.br\\\/en\\\/#\\\/schema\\\/person\\\/b4d6f201f1be98443ace27c807252583\"},\"image\":{\"@id\":\"https:\\\/\\\/cronicasdonaotempo.com.br\\\/en\\\/madame-de-pompadour\\\/#primaryimage\"},\"thumbnailUrl\":\"https:\\\/\\\/cronicasdonaotempo.com.br\\\/wp-content\\\/uploads\\\/2022\\\/02\\\/Madame_de_Pompadour.jpg\",\"articleSection\":[\"Conte\u00fado\"],\"inLanguage\":\"en-US\",\"potentialAction\":[{\"@type\":\"CommentAction\",\"name\":\"Comment\",\"target\":[\"https:\\\/\\\/cronicasdonaotempo.com.br\\\/en\\\/madame-de-pompadour\\\/#respond\"]}]},{\"@type\":\"WebPage\",\"@id\":\"https:\\\/\\\/cronicasdonaotempo.com.br\\\/en\\\/madame-de-pompadour\\\/\",\"url\":\"https:\\\/\\\/cronicasdonaotempo.com.br\\\/en\\\/madame-de-pompadour\\\/\",\"name\":\"Madame de Pompadour - Cr\u00f4nicas do N\u00e3o Tempo\",\"isPartOf\":{\"@id\":\"https:\\\/\\\/cronicasdonaotempo.com.br\\\/en\\\/#website\"},\"primaryImageOfPage\":{\"@id\":\"https:\\\/\\\/cronicasdonaotempo.com.br\\\/en\\\/madame-de-pompadour\\\/#primaryimage\"},\"image\":{\"@id\":\"https:\\\/\\\/cronicasdonaotempo.com.br\\\/en\\\/madame-de-pompadour\\\/#primaryimage\"},\"thumbnailUrl\":\"https:\\\/\\\/cronicasdonaotempo.com.br\\\/wp-content\\\/uploads\\\/2022\\\/02\\\/Madame_de_Pompadour.jpg\",\"datePublished\":\"2022-01-08T20:23:16+00:00\",\"dateModified\":\"2022-02-06T18:02:06+00:00\",\"breadcrumb\":{\"@id\":\"https:\\\/\\\/cronicasdonaotempo.com.br\\\/en\\\/madame-de-pompadour\\\/#breadcrumb\"},\"inLanguage\":\"en-US\",\"potentialAction\":[{\"@type\":\"ReadAction\",\"target\":[\"https:\\\/\\\/cronicasdonaotempo.com.br\\\/en\\\/madame-de-pompadour\\\/\"]}]},{\"@type\":\"ImageObject\",\"inLanguage\":\"en-US\",\"@id\":\"https:\\\/\\\/cronicasdonaotempo.com.br\\\/en\\\/madame-de-pompadour\\\/#primaryimage\",\"url\":\"https:\\\/\\\/cronicasdonaotempo.com.br\\\/wp-content\\\/uploads\\\/2022\\\/02\\\/Madame_de_Pompadour.jpg\",\"contentUrl\":\"https:\\\/\\\/cronicasdonaotempo.com.br\\\/wp-content\\\/uploads\\\/2022\\\/02\\\/Madame_de_Pompadour.jpg\"},{\"@type\":\"BreadcrumbList\",\"@id\":\"https:\\\/\\\/cronicasdonaotempo.com.br\\\/en\\\/madame-de-pompadour\\\/#breadcrumb\",\"itemListElement\":[{\"@type\":\"ListItem\",\"position\":1,\"name\":\"In\u00edcio\",\"item\":\"https:\\\/\\\/cronicasdonaotempo.com.br\\\/\"},{\"@type\":\"ListItem\",\"position\":2,\"name\":\"Madame de Pompadour\"}]},{\"@type\":\"WebSite\",\"@id\":\"https:\\\/\\\/cronicasdonaotempo.com.br\\\/en\\\/#website\",\"url\":\"https:\\\/\\\/cronicasdonaotempo.com.br\\\/en\\\/\",\"name\":\"Cr\u00f4nicas do N\u00e3o Tempo\",\"description\":\"A Guarda de Cronos\",\"publisher\":{\"@id\":\"https:\\\/\\\/cronicasdonaotempo.com.br\\\/en\\\/#\\\/schema\\\/person\\\/b4d6f201f1be98443ace27c807252583\"},\"potentialAction\":[{\"@type\":\"SearchAction\",\"target\":{\"@type\":\"EntryPoint\",\"urlTemplate\":\"https:\\\/\\\/cronicasdonaotempo.com.br\\\/en\\\/?s={search_term_string}\"},\"query-input\":{\"@type\":\"PropertyValueSpecification\",\"valueRequired\":true,\"valueName\":\"search_term_string\"}}],\"inLanguage\":\"en-US\"},{\"@type\":[\"Person\",\"Organization\"],\"@id\":\"https:\\\/\\\/cronicasdonaotempo.com.br\\\/en\\\/#\\\/schema\\\/person\\\/b4d6f201f1be98443ace27c807252583\",\"name\":\"Igor L. Frey\",\"image\":{\"@type\":\"ImageObject\",\"inLanguage\":\"en-US\",\"@id\":\"https:\\\/\\\/cronicasdonaotempo.com.br\\\/wp-content\\\/uploads\\\/2022\\\/01\\\/autor.jpg\",\"url\":\"https:\\\/\\\/cronicasdonaotempo.com.br\\\/wp-content\\\/uploads\\\/2022\\\/01\\\/autor.jpg\",\"contentUrl\":\"https:\\\/\\\/cronicasdonaotempo.com.br\\\/wp-content\\\/uploads\\\/2022\\\/01\\\/autor.jpg\",\"width\":966,\"height\":852,\"caption\":\"Igor L. Frey\"},\"logo\":{\"@id\":\"https:\\\/\\\/cronicasdonaotempo.com.br\\\/wp-content\\\/uploads\\\/2022\\\/01\\\/autor.jpg\"},\"url\":\"https:\\\/\\\/cronicasdonaotempo.com.br\\\/en\\\/author\\\/lucifrei\\\/\"}]}<\/script>\n<!-- \/ Yoast SEO plugin. -->","yoast_head_json":{"title":"Madame de Pompadour - Cr\u00f4nicas do N\u00e3o Tempo","robots":{"index":"index","follow":"follow","max-snippet":"max-snippet:-1","max-image-preview":"max-image-preview:large","max-video-preview":"max-video-preview:-1"},"canonical":"https:\/\/cronicasdonaotempo.com.br\/en\/madame-de-pompadour\/","og_locale":"en_US","og_type":"article","og_title":"Madame de Pompadour - Cr\u00f4nicas do N\u00e3o Tempo","og_description":"Foi cortes\u00e3 do rei Luiz XV e teve grande abertura e poder de atua\u00e7\u00e3o na corte de Versalhes. [&hellip;]","og_url":"https:\/\/cronicasdonaotempo.com.br\/en\/madame-de-pompadour\/","og_site_name":"Cr\u00f4nicas do N\u00e3o Tempo","article_published_time":"2022-01-08T20:23:16+00:00","article_modified_time":"2022-02-06T18:02:06+00:00","og_image":[{"url":"https:\/\/cronicasdonaotempo.com.br\/wp-content\/uploads\/2022\/02\/Madame_de_Pompadour.jpg","type":"","width":"","height":""}],"author":"Igor L. Frey","twitter_card":"summary_large_image","twitter_misc":{"Written by":"Igor L. Frey","Est. reading time":"2 minutes"},"schema":{"@context":"https:\/\/schema.org","@graph":[{"@type":"Article","@id":"https:\/\/cronicasdonaotempo.com.br\/en\/madame-de-pompadour\/#article","isPartOf":{"@id":"https:\/\/cronicasdonaotempo.com.br\/en\/madame-de-pompadour\/"},"author":{"name":"Igor L. Frey","@id":"https:\/\/cronicasdonaotempo.com.br\/en\/#\/schema\/person\/b4d6f201f1be98443ace27c807252583"},"headline":"Madame de Pompadour","datePublished":"2022-01-08T20:23:16+00:00","dateModified":"2022-02-06T18:02:06+00:00","mainEntityOfPage":{"@id":"https:\/\/cronicasdonaotempo.com.br\/en\/madame-de-pompadour\/"},"wordCount":265,"commentCount":0,"publisher":{"@id":"https:\/\/cronicasdonaotempo.com.br\/en\/#\/schema\/person\/b4d6f201f1be98443ace27c807252583"},"image":{"@id":"https:\/\/cronicasdonaotempo.com.br\/en\/madame-de-pompadour\/#primaryimage"},"thumbnailUrl":"https:\/\/cronicasdonaotempo.com.br\/wp-content\/uploads\/2022\/02\/Madame_de_Pompadour.jpg","articleSection":["Conte\u00fado"],"inLanguage":"en-US","potentialAction":[{"@type":"CommentAction","name":"Comment","target":["https:\/\/cronicasdonaotempo.com.br\/en\/madame-de-pompadour\/#respond"]}]},{"@type":"WebPage","@id":"https:\/\/cronicasdonaotempo.com.br\/en\/madame-de-pompadour\/","url":"https:\/\/cronicasdonaotempo.com.br\/en\/madame-de-pompadour\/","name":"Madame de Pompadour - Cr\u00f4nicas do N\u00e3o Tempo","isPartOf":{"@id":"https:\/\/cronicasdonaotempo.com.br\/en\/#website"},"primaryImageOfPage":{"@id":"https:\/\/cronicasdonaotempo.com.br\/en\/madame-de-pompadour\/#primaryimage"},"image":{"@id":"https:\/\/cronicasdonaotempo.com.br\/en\/madame-de-pompadour\/#primaryimage"},"thumbnailUrl":"https:\/\/cronicasdonaotempo.com.br\/wp-content\/uploads\/2022\/02\/Madame_de_Pompadour.jpg","datePublished":"2022-01-08T20:23:16+00:00","dateModified":"2022-02-06T18:02:06+00:00","breadcrumb":{"@id":"https:\/\/cronicasdonaotempo.com.br\/en\/madame-de-pompadour\/#breadcrumb"},"inLanguage":"en-US","potentialAction":[{"@type":"ReadAction","target":["https:\/\/cronicasdonaotempo.com.br\/en\/madame-de-pompadour\/"]}]},{"@type":"ImageObject","inLanguage":"en-US","@id":"https:\/\/cronicasdonaotempo.com.br\/en\/madame-de-pompadour\/#primaryimage","url":"https:\/\/cronicasdonaotempo.com.br\/wp-content\/uploads\/2022\/02\/Madame_de_Pompadour.jpg","contentUrl":"https:\/\/cronicasdonaotempo.com.br\/wp-content\/uploads\/2022\/02\/Madame_de_Pompadour.jpg"},{"@type":"BreadcrumbList","@id":"https:\/\/cronicasdonaotempo.com.br\/en\/madame-de-pompadour\/#breadcrumb","itemListElement":[{"@type":"ListItem","position":1,"name":"In\u00edcio","item":"https:\/\/cronicasdonaotempo.com.br\/"},{"@type":"ListItem","position":2,"name":"Madame de Pompadour"}]},{"@type":"WebSite","@id":"https:\/\/cronicasdonaotempo.com.br\/en\/#website","url":"https:\/\/cronicasdonaotempo.com.br\/en\/","name":"Cr\u00f4nicas do N\u00e3o Tempo","description":"A Guarda de Cronos","publisher":{"@id":"https:\/\/cronicasdonaotempo.com.br\/en\/#\/schema\/person\/b4d6f201f1be98443ace27c807252583"},"potentialAction":[{"@type":"SearchAction","target":{"@type":"EntryPoint","urlTemplate":"https:\/\/cronicasdonaotempo.com.br\/en\/?s={search_term_string}"},"query-input":{"@type":"PropertyValueSpecification","valueRequired":true,"valueName":"search_term_string"}}],"inLanguage":"en-US"},{"@type":["Person","Organization"],"@id":"https:\/\/cronicasdonaotempo.com.br\/en\/#\/schema\/person\/b4d6f201f1be98443ace27c807252583","name":"Igor L. Frey","image":{"@type":"ImageObject","inLanguage":"en-US","@id":"https:\/\/cronicasdonaotempo.com.br\/wp-content\/uploads\/2022\/01\/autor.jpg","url":"https:\/\/cronicasdonaotempo.com.br\/wp-content\/uploads\/2022\/01\/autor.jpg","contentUrl":"https:\/\/cronicasdonaotempo.com.br\/wp-content\/uploads\/2022\/01\/autor.jpg","width":966,"height":852,"caption":"Igor L. Frey"},"logo":{"@id":"https:\/\/cronicasdonaotempo.com.br\/wp-content\/uploads\/2022\/01\/autor.jpg"},"url":"https:\/\/cronicasdonaotempo.com.br\/en\/author\/lucifrei\/"}]}},"_links":{"self":[{"href":"https:\/\/cronicasdonaotempo.com.br\/en\/wp-json\/wp\/v2\/posts\/192","targetHints":{"allow":["GET"]}}],"collection":[{"href":"https:\/\/cronicasdonaotempo.com.br\/en\/wp-json\/wp\/v2\/posts"}],"about":[{"href":"https:\/\/cronicasdonaotempo.com.br\/en\/wp-json\/wp\/v2\/types\/post"}],"author":[{"embeddable":true,"href":"https:\/\/cronicasdonaotempo.com.br\/en\/wp-json\/wp\/v2\/users\/2"}],"replies":[{"embeddable":true,"href":"https:\/\/cronicasdonaotempo.com.br\/en\/wp-json\/wp\/v2\/comments?post=192"}],"version-history":[{"count":6,"href":"https:\/\/cronicasdonaotempo.com.br\/en\/wp-json\/wp\/v2\/posts\/192\/revisions"}],"predecessor-version":[{"id":351,"href":"https:\/\/cronicasdonaotempo.com.br\/en\/wp-json\/wp\/v2\/posts\/192\/revisions\/351"}],"wp:attachment":[{"href":"https:\/\/cronicasdonaotempo.com.br\/en\/wp-json\/wp\/v2\/media?parent=192"}],"wp:term":[{"taxonomy":"category","embeddable":true,"href":"https:\/\/cronicasdonaotempo.com.br\/en\/wp-json\/wp\/v2\/categories?post=192"},{"taxonomy":"post_tag","embeddable":true,"href":"https:\/\/cronicasdonaotempo.com.br\/en\/wp-json\/wp\/v2\/tags?post=192"}],"curies":[{"name":"wp","href":"https:\/\/api.w.org\/{rel}","templated":true}]}}